{"id":223,"date":"2023-12-17T11:45:28","date_gmt":"2023-12-17T10:45:28","guid":{"rendered":"https:\/\/www.infirmier.sebastien-martens.fr\/?p=223"},"modified":"2023-12-17T15:43:30","modified_gmt":"2023-12-17T14:43:30","slug":"vaccination-prescription-par-votre-infirmier","status":"publish","type":"post","link":"https:\/\/www.infirmier.sebastien-martens.fr\/index.php\/2023\/12\/17\/vaccination-prescription-par-votre-infirmier\/","title":{"rendered":"Vaccination : Prescription par votre infirmier"},"content":{"rendered":"\n<p>Depuis le 10 ao\u00fbt 2023, les infirmiers sont autoris\u00e9s \u00e0 prescrire l&rsquo;ensemble des\u00a0<strong>vaccins<\/strong>\u00a0du calendrier vaccinal, \u00e0 l&rsquo;exception des\u00a0<strong>vaccins<\/strong> vivants att\u00e9nu\u00e9s chez les personnes immunod\u00e9prim\u00e9es, \u00e0 certaines conditions. Les infirmiers sont \u00e9galement autoris\u00e9s \u00e0 administrer ces\u00a0<strong>vaccins<\/strong>\u00a0aux personnes de 11 ans et plus.<\/p>\n\n\n\n<p><a href=\"https:\/\/www.ameli.fr\/marne\/infirmier\/exercice-liberal\/service-patient\/vaccination-par-infirmier#:~:text=Depuis%20le%2010%20ao\u00fbt%202023,ans%20et%20plus%20(1).\">lire la suite sur le site AMELI<\/a><\/p>\n","protected":false},"excerpt":{"rendered":"<p>Depuis le 10 ao\u00fbt 2023, les infirmiers sont autoris\u00e9s \u00e0 prescrire l&rsquo;ensemble des\u00a0vaccins\u00a0du calendrier vaccinal, \u00e0 l&rsquo;exception des\u00a0vaccins vivants att\u00e9nu\u00e9s chez les personnes immunod\u00e9prim\u00e9es, \u00e0 certaines conditions. Les infirmiers sont \u00e9galement autoris\u00e9s \u00e0 administrer ces\u00a0vaccins\u00a0aux personnes de 11 ans et <a class=\"more-link\" href=\"https:\/\/www.infirmier.sebastien-martens.fr\/index.php\/2023\/12\/17\/vaccination-prescription-par-votre-infirmier\/\">Continuer la lecture <span class=\"screen-reader-text\">  Vaccination : Prescription par votre infirmier<\/span><span class=\"meta-nav\">&rarr;<\/span><\/a><\/p>\n","protected":false},"author":1,"featured_media":0,"comment_status":"closed","ping_status":"closed","sticky":false,"template":"","format":"standard","meta":{"om_disable_all_campaigns":false,"_monsterinsights_skip_tracking":false,"_monsterinsights_sitenote_active":false,"_monsterinsights_sitenote_note":"","_monsterinsights_sitenote_category":0,"footnotes":""},"categories":[3],"tags":[],"class_list":["post-223","post","type-post","status-publish","format-standard","hentry","category-blog"],"aioseo_notices":[],"_links":{"self":[{"href":"https:\/\/www.infirmier.sebastien-martens.fr\/index.php\/wp-json\/wp\/v2\/posts\/223","targetHints":{"allow":["GET"]}}],"collection":[{"href":"https:\/\/www.infirmier.sebastien-martens.fr\/index.php\/wp-json\/wp\/v2\/posts"}],"about":[{"href":"https:\/\/www.infirmier.sebastien-martens.fr\/index.php\/wp-json\/wp\/v2\/types\/post"}],"author":[{"embeddable":true,"href":"https:\/\/www.infirmier.sebastien-martens.fr\/index.php\/wp-json\/wp\/v2\/users\/1"}],"replies":[{"embeddable":true,"href":"https:\/\/www.infirmier.sebastien-martens.fr\/index.php\/wp-json\/wp\/v2\/comments?post=223"}],"version-history":[{"count":2,"href":"https:\/\/www.infirmier.sebastien-martens.fr\/index.php\/wp-json\/wp\/v2\/posts\/223\/revisions"}],"predecessor-version":[{"id":225,"href":"https:\/\/www.infirmier.sebastien-martens.fr\/index.php\/wp-json\/wp\/v2\/posts\/223\/revisions\/225"}],"wp:attachment":[{"href":"https:\/\/www.infirmier.sebastien-martens.fr\/index.php\/wp-json\/wp\/v2\/media?parent=223"}],"wp:term":[{"taxonomy":"category","embeddable":true,"href":"https:\/\/www.infirmier.sebastien-martens.fr\/index.php\/wp-json\/wp\/v2\/categories?post=223"},{"taxonomy":"post_tag","embeddable":true,"href":"https:\/\/www.infirmier.sebastien-martens.fr\/index.php\/wp-json\/wp\/v2\/tags?post=223"}],"curies":[{"name":"wp","href":"https:\/\/api.w.org\/{rel}","templated":true}]}}